{"id":74,"date":"2023-12-14T08:48:33","date_gmt":"2023-12-14T06:48:33","guid":{"rendered":"http:\/\/localhost\/ekaruona\/?p=74"},"modified":"2023-12-14T12:54:45","modified_gmt":"2023-12-14T10:54:45","slug":"ruona-1808-tapahtuma","status":"publish","type":"post","link":"https:\/\/ruonanrinki.fi\/?p=74","title":{"rendered":"Ruona 1808 -tapahtuma"},"content":{"rendered":"\n<p> <h3 class=\"wp-block-heading\">30.-31.8.2008 Ruonan kyl\u00e4ll\u00e4 Kuortaneella<\/h3><h3 class=\"wp-block-heading\">Tapahtumaohjelma<\/h3><h4 class=\"wp-block-heading\">Lauantai 30.8.<\/h4><h5 class=\"wp-block-heading\">Seminaari Ruonan koululla klo 12-17, Ruonantie 103<\/h5><h5 class=\"wp-block-heading\">Kentt\u00e4lounas Jyrki Linna-Hynnil\u00e4n tapaan klo 11 alkaen (10\u20ac)<\/h5><h5 class=\"wp-block-heading\">klo 12.00<\/h5><ol><li><strong>Seminaarin avaus<\/strong>Kyl\u00e4yhdistys Ruonan Rinki ry:n pj. Seppo Palom\u00e4kiSeminaarin puheenjohtaja Maakuntajohtaja, MMT Asko Peltola<\/li><li><strong>Suomen sodan ratkaisutaistelu Ruonalla ja Salmella\u00a0 1.-2.9.1808<\/strong>VtT, eversti Pekka Visuri, Maanpuolustuskorkeakoulu<\/li><li><strong>Suomen sodassa kaatuneet, haavoittuneet ja vammautuneet<\/strong>Tiimip\u00e4\u00e4llikk\u00f6, TkT Rauno P\u00e4\u00e4kk\u00f6nen, Ty\u00f6terveyslaitos<\/li><\/ol><h5 class=\"wp-block-heading\">P\u00e4iv\u00e4kahvit<\/h5><h5 class=\"wp-block-heading\">Klo 15.00<\/h5><ol><li><strong>Naiset arjen turvallisuuden tekij\u00f6in\u00e4 ja maanpuolustajina<\/strong> Naisten Valmiusliitto ry:n puheenjohtaja maaherra Anneli Taina<\/li><li><strong>Voisiko ryss\u00e4vihasta jo luopua? Kuinka monta sukupolvea kannetaan historiallista taakkaa?<\/strong>Toimittaja Unto H\u00e4m\u00e4l\u00e4inen, Helsingin Sanomat<\/li><li><strong>Kes\u00e4kuurtanelaiset ry:n puheenjohtajan puheenvuoro<\/strong>Jussi-Pekka Alanen<\/li><\/ol><h5 class=\"wp-block-heading\">Klo 12-17<\/h5><ol><li><strong>Mannerheimin Lastensuojeluliiton maksuton lapsiparkki<\/strong>Perinneleikkej\u00e4 ja muuta hauskaa touhua.<\/li><\/ol><p>Seminaarin yhteydess\u00e4 <strong>Naisten Valmiusliitto<\/strong> ja <strong>Kankaanp\u00e4\u00e4n Tykist\u00f6prikaati<\/strong> esittelev\u00e4t toimintaansa.Esill\u00e4 on my\u00f6s Etel\u00e4-Pohjanmaan Kulttuurirahaston rahoittaman <strong>Lasten ja nuorten Ruona 1808<\/strong> -kuvataidety\u00f6pajan tuotoksia.<\/p><p><strong>Ilta Ruonan sillalla klo 19.00<\/strong>&#8211; Kunnostetun Ruonan sillan vihkiminenMuseotoimenjohtaja Susanna Tyrv\u00e4inen,Etel\u00e4-Pohjanmaan maakuntamuseo- Korsuk\u00f6\u00f6ri- Kankaanp\u00e4\u00e4n tykist\u00f6prikaatin savuesitys- Vartiotulet syttyv\u00e4t<\/p><h4 class=\"wp-block-heading\">Sunnuntai 31.8.<\/h4><h5 class=\"wp-block-heading\">Klo 10.00<\/h5><ol><li><strong>Jumalanpalvelus Haapaniemen kappelissa<\/strong>Haapaniementie 50, Ruonasaarna: hiippakuntadekaani Paavo Haapakoskiliturgi kirkkoherra Ky\u00f6sti Elokanttori Mari J\u00e4rvinenKirkkokahvit Pappilan p\u00e4\u00e4rakennus on avoinna kirkkov\u00e4elle.<\/li><\/ol><h5 class=\"wp-block-heading\">Klo 13.00<\/h5><ol><li><strong>P\u00e4\u00e4juhla Nurminiemen muistomerkill\u00e4<\/strong>Nurminiementie, Ruona<\/li><li>Lentosotakoulun kunniavartioSeppeleenlasku<\/li><li>P\u00e4\u00e4juhlan avaa Kuortaneen kunnanvaltuuston puheenjohtaja Ilmari Niemel\u00e4<\/li><li>Kuortaneen Soittokunta johtajanaan Auli Viitasaari, Ruonan koulun oppilaat<\/li><li><strong>Juhlapuhe<\/strong>Tutkimusp\u00e4\u00e4llikk\u00f6 Markku Kangaspuro, Aleksanteri-instituutti<\/li><li><strong>Taistelun\u00e4yt\u00f6s<\/strong>Suomen Sodan 1808 Tykkimiehet ry<\/li><\/ol><p>Tapahtumaviikonloppuna on avoinna my\u00f6s kyl\u00e4ll\u00e4mme toimiva <strong>Sodan ja rauhan tien<\/strong> opastuskeskus, joka valottaa vuoden 1808 tapahtumia sek\u00e4 niiden taustoja ja seurauksia. Kahvila Kamenskissa on esill\u00e4 luontokuvaaja Benjam P\u00f6ntisen <strong>Lapuanjoki-kuvia<\/strong>,<\/p><p><strong>Sodan ja rauhan tien opastuskeskus ja Kahvila Kamenski<\/strong>Niemiskyl\u00e4ntie 60, Ruona.avoinna la 30.8.08 klo 10-21<\/p><\/p>\n","protected":false},"excerpt":{"rendered":"<p>30.-31.8.2008 Ruonan kyl\u00e4ll\u00e4 Kuortaneella Tapahtumaohjelma Lauantai 30.8. Seminaari Ruonan koululla klo 12-17, Ruonantie 103 Kentt\u00e4lounas Jyrki Linna-Hynnil\u00e4n tapaan klo 11 alkaen (10\u20ac) klo 12.00 Seminaarin avausKyl\u00e4yhdistys Ruonan Rinki ry:n pj. &#8230;<\/p>\n","protected":false},"author":3,"featured_media":26,"comment_status":"closed","ping_status":"closed","sticky":false,"template":"","format":"standard","meta":{"footnotes":""},"categories":[4],"tags":[],"class_list":["post-74","post","type-post","status-publish","format-standard","has-post-thumbnail","hentry","category-historia"],"_links":{"self":[{"href":"https:\/\/ruonanrinki.fi\/index.php?rest_route=\/wp\/v2\/posts\/74","targetHints":{"allow":["GET"]}}],"collection":[{"href":"https:\/\/ruonanrinki.fi\/index.php?rest_route=\/wp\/v2\/posts"}],"about":[{"href":"https:\/\/ruonanrinki.fi\/index.php?rest_route=\/wp\/v2\/types\/post"}],"author":[{"embeddable":true,"href":"https:\/\/ruonanrinki.fi\/index.php?rest_route=\/wp\/v2\/users\/3"}],"replies":[{"embeddable":true,"href":"https:\/\/ruonanrinki.fi\/index.php?rest_route=%2Fwp%2Fv2%2Fcomments&post=74"}],"version-history":[{"count":1,"href":"https:\/\/ruonanrinki.fi\/index.php?rest_route=\/wp\/v2\/posts\/74\/revisions"}],"predecessor-version":[{"id":75,"href":"https:\/\/ruonanrinki.fi\/index.php?rest_route=\/wp\/v2\/posts\/74\/revisions\/75"}],"wp:featuredmedia":[{"embeddable":true,"href":"https:\/\/ruonanrinki.fi\/index.php?rest_route=\/wp\/v2\/media\/26"}],"wp:attachment":[{"href":"https:\/\/ruonanrinki.fi\/index.php?rest_route=%2Fwp%2Fv2%2Fmedia&parent=74"}],"wp:term":[{"taxonomy":"category","embeddable":true,"href":"https:\/\/ruonanrinki.fi\/index.php?rest_route=%2Fwp%2Fv2%2Fcategories&post=74"},{"taxonomy":"post_tag","embeddable":true,"href":"https:\/\/ruonanrinki.fi\/index.php?rest_route=%2Fwp%2Fv2%2Ftags&post=74"}],"curies":[{"name":"wp","href":"https:\/\/api.w.org\/{rel}","templated":true}]}}